{"id":13608,"date":"2025-09-12T16:44:41","date_gmt":"2025-09-12T16:44:41","guid":{"rendered":"https:\/\/bofillmir.cl\/?p=13608"},"modified":"2026-02-16T22:30:21","modified_gmt":"2026-02-16T22:30:21","slug":"alerta-legal-15","status":"publish","type":"post","link":"http:\/\/bofillmir.cl\/eng\/alerta-legal-15\/","title":{"rendered":"Legal Alert"},"content":{"rendered":"<p>Reglamento sobre el modelo de prevenci\u00f3n de infracciones en datos personales<\/p>\n\n\n\n<p>El Decreto N\u00b0622\/2025, que aprueba el reglamento para la implementaci\u00f3n de un modelo de prevenci\u00f3n de infracciones en datos personales (el \u201cReglamento\u201d), entr\u00f3 en el proceso de toma de raz\u00f3n ante la Contralor\u00eda General de la Rep\u00fablica.<\/p>\n\n\n\n<div data-wp-interactive=\"core\/file\" class=\"wp-block-file\"><object data-wp-bind--hidden=\"!state.hasPdfPreview\" hidden class=\"wp-block-file__embed\" data=\"https:\/\/bofillmir.cl\/wp-content\/uploads\/2025\/09\/2025.09.12.-Alerta-Legal-Reglamento-de-modelo-de-prevencion-de-infracciones.pdf\" type=\"application\/pdf\" style=\"width:100%;height:600px\" aria-label=\"Embed of 2025.09.12. Alerta Legal - Reglamento de modelo de prevenci\u00f3n de infracciones.\"><\/object><a id=\"wp-block-file--media-0162cdf0-b5f7-45d6-baca-1d7e63154e2b\" href=\"https:\/\/bofillmir.cl\/wp-content\/uploads\/2025\/09\/2025.09.12.-Alerta-Legal-Reglamento-de-modelo-de-prevencion-de-infracciones.pdf\">2025.09.12. Alerta Legal &#8211; Reglamento de modelo de prevenci\u00f3n de infracciones<\/a><a href=\"https:\/\/bofillmir.cl\/wp-content\/uploads\/2025\/09\/2025.09.12.-Alerta-Legal-Reglamento-de-modelo-de-prevencion-de-infracciones.pdf\" class=\"wp-block-file__button wp-element-button\" download aria-describedby=\"wp-block-file--media-0162cdf0-b5f7-45d6-baca-1d7e63154e2b\">Download<\/a><\/div>","protected":false},"excerpt":{"rendered":"<p>Reglamento sobre el modelo de prevenci\u00f3n de infracciones en datos personales El Decreto N\u00b0622\/2025, que aprueba el reglamento para la implementaci\u00f3n de un modelo de prevenci\u00f3n de infracciones en datos personales (el \u201cReglamento\u201d), entr\u00f3 en el proceso de toma de raz\u00f3n ante la Contralor\u00eda General de la Rep\u00fablica.<\/p>","protected":false},"author":2,"featured_media":0,"comment_status":"closed","ping_status":"closed","sticky":false,"template":"","format":"standard","meta":{"_acf_changed":false,"footnotes":""},"categories":[72],"tags":[],"class_list":["post-13608","post","type-post","status-publish","format-standard","hentry","category-sin-categoria-es"],"acf":[],"aioseo_notices":[],"_links":{"self":[{"href":"http:\/\/bofillmir.cl\/eng\/wp-json\/wp\/v2\/posts\/13608","targetHints":{"allow":["GET"]}}],"collection":[{"href":"http:\/\/bofillmir.cl\/eng\/wp-json\/wp\/v2\/posts"}],"about":[{"href":"http:\/\/bofillmir.cl\/eng\/wp-json\/wp\/v2\/types\/post"}],"author":[{"embeddable":true,"href":"http:\/\/bofillmir.cl\/eng\/wp-json\/wp\/v2\/users\/2"}],"replies":[{"embeddable":true,"href":"http:\/\/bofillmir.cl\/eng\/wp-json\/wp\/v2\/comments?post=13608"}],"version-history":[{"count":1,"href":"http:\/\/bofillmir.cl\/eng\/wp-json\/wp\/v2\/posts\/13608\/revisions"}],"predecessor-version":[{"id":13610,"href":"http:\/\/bofillmir.cl\/eng\/wp-json\/wp\/v2\/posts\/13608\/revisions\/13610"}],"wp:attachment":[{"href":"http:\/\/bofillmir.cl\/eng\/wp-json\/wp\/v2\/media?parent=13608"}],"wp:term":[{"taxonomy":"category","embeddable":true,"href":"http:\/\/bofillmir.cl\/eng\/wp-json\/wp\/v2\/categories?post=13608"},{"taxonomy":"post_tag","embeddable":true,"href":"http:\/\/bofillmir.cl\/eng\/wp-json\/wp\/v2\/tags?post=13608"}],"curies":[{"name":"wp","href":"https:\/\/api.w.org\/{rel}","templated":true}]}}