{"id":9310,"date":"2024-10-29T20:42:02","date_gmt":"2024-10-29T20:42:02","guid":{"rendered":"https:\/\/bofillmir.cl\/?p=9310"},"modified":"2026-02-16T22:30:24","modified_gmt":"2026-02-16T22:30:24","slug":"circulo-de-mentorias-en-diversidad-equidad-e-inclusion-de-la-amcham","status":"publish","type":"post","link":"http:\/\/bofillmir.cl\/eng\/circulo-de-mentorias-en-diversidad-equidad-e-inclusion-de-la-amcham\/","title":{"rendered":"AmCham's Diversity, Equity and Inclusion Mentoring Circle"},"content":{"rendered":"<p>We are happy to share that we were part of the seventh edition of AmCham Chile's Diversity, Equity and Inclusion Mentoring Circle, in which our director, <a href=\"https:\/\/www.linkedin.com\/in\/ACoAAAjflAABBnDv0j1MoSj7AGbDaO8_395Sf7s\"><\/a>Andrea Alarc\u00f3n F., participated as a mentee. This is one of the Chamber's most important programmes, where companies with experience and success stories share their knowledge on the development of EID initiatives within organisations. Our mentor was MSD, a leading research-based biopharmaceutical company. We thank AmCham for creating instances like this, which allow for the exchange of experiences and learning, and of course the MSD team for their dedication, solidarity and commitment.\n\nTranslated with DeepL.com (free version)<\/p>\n\n\n\n<figure class=\"wp-block-image size-large\"><img fetchpriority=\"high\" decoding=\"async\" width=\"1024\" height=\"1024\" src=\"https:\/\/bofillmir.cl\/wp-content\/uploads\/2024\/10\/AmCham-6-1024x1024.png\" alt=\"\" class=\"wp-image-9311\" srcset=\"https:\/\/bofillmir.cl\/wp-content\/uploads\/2024\/10\/AmCham-6-1024x1024.png 1024w, https:\/\/bofillmir.cl\/wp-content\/uploads\/2024\/10\/AmCham-6-300x300.png 300w, https:\/\/bofillmir.cl\/wp-content\/uploads\/2024\/10\/AmCham-6-150x150.png 150w, https:\/\/bofillmir.cl\/wp-content\/uploads\/2024\/10\/AmCham-6-768x768.png 768w, https:\/\/bofillmir.cl\/wp-content\/uploads\/2024\/10\/AmCham-6-12x12.png 12w, https:\/\/bofillmir.cl\/wp-content\/uploads\/2024\/10\/AmCham-6.png 1080w\" sizes=\"(max-width: 1024px) 100vw, 1024px\" \/><\/figure>","protected":false},"excerpt":{"rendered":"<p>Estamos felices de compartir que fuimos parte de la s\u00e9ptima edici\u00f3n del C\u00edrculo de Mentor\u00edas en Diversidad, Equidad e Inclusi\u00f3n de la AmCham Chile, en la que nuestra directora, Andrea Alarc\u00f3n F., particip\u00f3 como mentee. Este es uno de los programas m\u00e1s importantes de la C\u00e1mara, donde empresas con experiencia y casos de \u00e9xito comparten [&hellip;]<\/p>\n","protected":false},"author":2,"featured_media":9312,"comment_status":"closed","ping_status":"closed","sticky":false,"template":"","format":"standard","meta":{"_acf_changed":false,"footnotes":""},"categories":[72],"tags":[],"class_list":["post-9310","post","type-post","status-publish","format-standard","has-post-thumbnail","hentry","category-sin-categoria-es"],"acf":[],"aioseo_notices":[],"_links":{"self":[{"href":"http:\/\/bofillmir.cl\/eng\/wp-json\/wp\/v2\/posts\/9310","targetHints":{"allow":["GET"]}}],"collection":[{"href":"http:\/\/bofillmir.cl\/eng\/wp-json\/wp\/v2\/posts"}],"about":[{"href":"http:\/\/bofillmir.cl\/eng\/wp-json\/wp\/v2\/types\/post"}],"author":[{"embeddable":true,"href":"http:\/\/bofillmir.cl\/eng\/wp-json\/wp\/v2\/users\/2"}],"replies":[{"embeddable":true,"href":"http:\/\/bofillmir.cl\/eng\/wp-json\/wp\/v2\/comments?post=9310"}],"version-history":[{"count":1,"href":"http:\/\/bofillmir.cl\/eng\/wp-json\/wp\/v2\/posts\/9310\/revisions"}],"predecessor-version":[{"id":9313,"href":"http:\/\/bofillmir.cl\/eng\/wp-json\/wp\/v2\/posts\/9310\/revisions\/9313"}],"wp:featuredmedia":[{"embeddable":true,"href":"http:\/\/bofillmir.cl\/eng\/wp-json\/wp\/v2\/media\/9312"}],"wp:attachment":[{"href":"http:\/\/bofillmir.cl\/eng\/wp-json\/wp\/v2\/media?parent=9310"}],"wp:term":[{"taxonomy":"category","embeddable":true,"href":"http:\/\/bofillmir.cl\/eng\/wp-json\/wp\/v2\/categories?post=9310"},{"taxonomy":"post_tag","embeddable":true,"href":"http:\/\/bofillmir.cl\/eng\/wp-json\/wp\/v2\/tags?post=9310"}],"curies":[{"name":"wp","href":"https:\/\/api.w.org\/{rel}","templated":true}]}}