{"id":14407,"date":"2026-04-28T16:33:21","date_gmt":"2026-04-28T16:33:21","guid":{"rendered":"https:\/\/bofillmir.cl\/?p=14407"},"modified":"2026-04-28T16:33:22","modified_gmt":"2026-04-28T16:33:22","slug":"bofill-mir-abogados-fortalece-areas-estrategicas-con-la-promocion-de-cuatro-nuevos-directores","status":"publish","type":"post","link":"https:\/\/bofillmir.cl\/eng\/bofill-mir-abogados-fortalece-areas-estrategicas-con-la-promocion-de-cuatro-nuevos-directores\/","title":{"rendered":"Bofill Mir Abogados strengthens strategic practices with the promotion of four new directors\u00a0"},"content":{"rendered":"<p><strong>Santiago, April 28, 2026.<\/strong>&nbsp;Bofill Mir Abogados announced the internal promotion of four lawyers to the position of director, reinforcing its commitment to internal talent development and organic growth. With these appointments, the firm now counts seven directors, strengthening key practices that underpin its long-term projection.&nbsp;&nbsp;<\/p>\n\n\n\n<p>The appointments correspond to Jorge Rodillo in Dispute Resolution; Gonzalo Barcel\u00f3 in Restructuring and Insolvency; Josefina Da-Bove in Tax Law; and Jorge Tisn\u00e9 in Intellectual Property, Data and Technology.&nbsp;<\/p>\n\n\n\n<p>\"These appointments reflect our conviction that Bofill Mir's growth is built from within: nurturing our own talent and positioning it across the areas most relevant to the market. We are proud to see how these professionals have consolidated their leadership and are ready to take on an even more decisive role in the firm's development and in the strategic advisory we provide to our clients,\" said&nbsp;<strong>Octavio Bofill<\/strong>, partner at Bofill Mir Abogados.&nbsp;<\/p>\n\n\n\n<p>Regarding the challenges ahead in their respective areas,&nbsp;<strong>Jorge Rodillo<\/strong>, Director of Dispute Resolution, stated: \"As the country enters a new cycle of investment in public works and strategic projects, I will bring my track record in construction litigation to provide clients with technical, specialized advice that understands industry disputes from the inside.\"&nbsp;<\/p>\n\n\n\n<p>For his part,&nbsp;<strong>Gonzalo Barcel\u00f3<\/strong>, Director of Restructuring and Insolvency, commented: \"I have been involved in some of the most significant restructuring and insolvency processes in recent years. Taking on the role of director reflects that trajectory, but also a clear conviction: in today's market, the ability to address business challenges comprehensively is a fundamental asset. Our practice demands combining technical expertise, timing and strategic judgment, and that understanding is what sets us apart.\"&nbsp;<\/p>\n\n\n\n<p>From the transactional side,&nbsp;<strong>Josefina Da-Bove<\/strong>, Director of Tax Law, stated: \"Tax law runs through every practice at the firm: a dispute, a restructuring, an M&amp;A transaction. Our work is to anticipate the tax implications in every scenario and provide precise answers that allow our clients to make decisions with full confidence.\"&nbsp;&nbsp;<\/p>\n\n\n\n<p>Finally,&nbsp;<strong>Jorge&nbsp;Tisn\u00e9<\/strong>, Director of Intellectual Property, Data and Technology, noted: \"Chile is at an inflection point in data protection and cybersecurity. At the same time, the timely management of intangible assets has become a decisive factor for competing in increasingly complex markets. That is why we support our clients with tailored technical solutions, enabling preventive and strategic compliance in the face of new regulatory challenges.\"&nbsp;<\/p>\n\n\n\n<p>With these promotions, Bofill Mir reaffirms its professional development model based on internal growth, recognizing the contribution of those who have been a fundamental part of the firm's journey. The new appointments will be effective as of May 1st.&nbsp;<\/p>\n\n\n\n<figure class=\"wp-block-image size-large\"><img fetchpriority=\"high\" decoding=\"async\" width=\"1024\" height=\"1024\" src=\"https:\/\/bofillmir.cl\/wp-content\/uploads\/2026\/04\/Nuevos-directores-1024x1024.webp\" alt=\"\" class=\"wp-image-14408\" srcset=\"https:\/\/bofillmir.cl\/wp-content\/uploads\/2026\/04\/Nuevos-directores-1024x1024.webp 1024w, https:\/\/bofillmir.cl\/wp-content\/uploads\/2026\/04\/Nuevos-directores-300x300.webp 300w, https:\/\/bofillmir.cl\/wp-content\/uploads\/2026\/04\/Nuevos-directores-150x150.webp 150w, https:\/\/bofillmir.cl\/wp-content\/uploads\/2026\/04\/Nuevos-directores-768x768.webp 768w, https:\/\/bofillmir.cl\/wp-content\/uploads\/2026\/04\/Nuevos-directores-12x12.webp 12w, https:\/\/bofillmir.cl\/wp-content\/uploads\/2026\/04\/Nuevos-directores.webp 1080w\" sizes=\"(max-width: 1024px) 100vw, 1024px\" \/><\/figure>","protected":false},"excerpt":{"rendered":"<p>Santiago,&nbsp;28 de abril de 2026.&nbsp;Bofill Mir Abogados anunci\u00f3 la promoci\u00f3n interna de cuatro abogados al cargo de director, consolidando su apuesta por el desarrollo del talento propio y el crecimiento org\u00e1nico del estudio. Con estos nombramientos, pasan a contar con siete directores, fortaleciendo as\u00ed pr\u00e1cticas clave que sustentan su proyecci\u00f3n.&nbsp;&nbsp; Los nombramientos corresponden a Jorge [&hellip;]<\/p>\n","protected":false},"author":2,"featured_media":14408,"comment_status":"closed","ping_status":"closed","sticky":false,"template":"","format":"standard","meta":{"_acf_changed":false,"footnotes":""},"categories":[21],"tags":[],"class_list":["post-14407","post","type-post","status-publish","format-standard","has-post-thumbnail","hentry","category-prensa-y-mas"],"acf":[],"aioseo_notices":[],"_links":{"self":[{"href":"https:\/\/bofillmir.cl\/eng\/wp-json\/wp\/v2\/posts\/14407","targetHints":{"allow":["GET"]}}],"collection":[{"href":"https:\/\/bofillmir.cl\/eng\/wp-json\/wp\/v2\/posts"}],"about":[{"href":"https:\/\/bofillmir.cl\/eng\/wp-json\/wp\/v2\/types\/post"}],"author":[{"embeddable":true,"href":"https:\/\/bofillmir.cl\/eng\/wp-json\/wp\/v2\/users\/2"}],"replies":[{"embeddable":true,"href":"https:\/\/bofillmir.cl\/eng\/wp-json\/wp\/v2\/comments?post=14407"}],"version-history":[{"count":1,"href":"https:\/\/bofillmir.cl\/eng\/wp-json\/wp\/v2\/posts\/14407\/revisions"}],"predecessor-version":[{"id":14409,"href":"https:\/\/bofillmir.cl\/eng\/wp-json\/wp\/v2\/posts\/14407\/revisions\/14409"}],"wp:featuredmedia":[{"embeddable":true,"href":"https:\/\/bofillmir.cl\/eng\/wp-json\/wp\/v2\/media\/14408"}],"wp:attachment":[{"href":"https:\/\/bofillmir.cl\/eng\/wp-json\/wp\/v2\/media?parent=14407"}],"wp:term":[{"taxonomy":"category","embeddable":true,"href":"https:\/\/bofillmir.cl\/eng\/wp-json\/wp\/v2\/categories?post=14407"},{"taxonomy":"post_tag","embeddable":true,"href":"https:\/\/bofillmir.cl\/eng\/wp-json\/wp\/v2\/tags?post=14407"}],"curies":[{"name":"wp","href":"https:\/\/api.w.org\/{rel}","templated":true}]}}